{"id":7333,"date":"2021-05-18T12:54:32","date_gmt":"2021-05-18T18:54:32","guid":{"rendered":"https:\/\/miautoseguro.mx\/web\/?p=7333"},"modified":"2022-12-12T10:57:10","modified_gmt":"2022-12-12T16:57:10","slug":"como-ha-cambiado-la-perspectiva-de-los-seguros-a-raiz-de-la-pandemia-ocasionada-por-la-covid-19","status":"publish","type":"post","link":"https:\/\/miautoseguro.mx\/web\/como-ha-cambiado-la-perspectiva-de-los-seguros-a-raiz-de-la-pandemia-ocasionada-por-la-covid-19\/","title":{"rendered":"Video: \u00bfC\u00f3mo ha cambiado la perspectiva de los seguros a ra\u00edz de la pandemia ocasionada por la Covid-19?"},"content":{"rendered":"\n<p class=\"wp-block-paragraph\">En nuestro cap\u00edtulo 3 de Mi Auto Seguro El Podcast platicamos con Vicente Garc\u00eda Saro, asesor de seguros con m\u00e1s de 40 a\u00f1os en la industria de los seguros, sobre un gran seguro de salud llamado Recupera 90 de General de Salud y que puedes contratar con nosotros. \ud83e\udd17 <\/p>\n\n\n\n<figure class=\"wp-block-embed is-type-video is-provider-youtube wp-block-embed-youtube wp-embed-aspect-16-9 wp-has-aspect-ratio\"><div class=\"wp-block-embed__wrapper\">\n<iframe title=\"\u00bfC\u00f3mo ha cambiado la perspectiva de los seguros a ra\u00edz de la pandemia ocasionada por la Covid-19? \ud83e\udd14\" width=\"1200\" height=\"675\" src=\"https:\/\/www.youtube.com\/embed\/frcOv-02KmY?feature=oembed\" frameborder=\"0\" allow=\"accelerometer; autoplay; clipboard-write; encrypted-media; gyroscope; picture-in-picture\" allowfullscreen><\/iframe>\n<\/div><\/figure>\n\n\n\n<p class=\"wp-block-paragraph\">Ante el contexto que vivimos sabemos que la salud es un tema del cual todos queremos estar tranquilos y proteger a nuestra familia. \ud83d\ude0c <\/p>\n\n\n\n<p class=\"has-text-align-center wp-block-paragraph\">Escr\u00edbenos a contacto@miautoseguro.mx, a nuestro&nbsp;<a href=\"https:\/\/wa.me\/message\/AIT5IWO2VZ7AJ1\">Whats App<\/a>&nbsp;o ll\u00e1manos al 55 3036 6154.&nbsp;<\/p>\n\n\n\n<p class=\"has-text-align-center wp-block-paragraph\"><strong><span class=\"has-inline-color has-black-color\">Mi Auto Seguro<\/span><\/strong><\/p>\n\n\n\n<p class=\"has-text-align-center wp-block-paragraph\">#<strong>ElSeguroATuBolsillo<\/strong><\/p>\n\n\n\n<div class=\"wp-block-image\"><figure class=\"aligncenter size-large is-resized\"><img decoding=\"async\" src=\"https:\/\/miautoseguro.mx\/web\/wp-content\/uploads\/2017\/10\/Untitled-1.png\" alt=\"\" class=\"wp-image-6561\" width=\"182\" height=\"72\" srcset=\"https:\/\/miautoseguro.mx\/web\/wp-content\/uploads\/2017\/10\/Untitled-1.png 786w, https:\/\/miautoseguro.mx\/web\/wp-content\/uploads\/2017\/10\/Untitled-1-300x119.png 300w, https:\/\/miautoseguro.mx\/web\/wp-content\/uploads\/2017\/10\/Untitled-1-768x305.png 768w\" sizes=\"(max-width: 182px) 100vw, 182px\" \/><\/figure><\/div>\n","protected":false},"excerpt":{"rendered":"<p>Ante el contexto que vivimos sabemos que la salud es un tema del cual todos queremos estar tranquilos y proteger a nuestra familia. Por ello te presentamos este seguro de salud llamado Recupera 90 de General de Salud<\/p>\n","protected":false},"author":1,"featured_media":7335,"comment_status":"closed","ping_status":"closed","sticky":false,"template":"","format":"image","meta":{"footnotes":""},"categories":[250],"tags":[170,61,69,189,190,59,42,262,65,191,102,193,73,55,79,80],"class_list":["post-7333","post","type-post","status-publish","format-image","has-post-thumbnail","hentry","category-cultura-seguros","tag-el-seguro-a-tu-bolsillo","tag-enfermedad","tag-finanzas","tag-finanzas-personales","tag-general-de-salud","tag-mexico","tag-mi-auto-seguro","tag-podcast","tag-prevencion","tag-recupera-90","tag-salud","tag-salud-publica","tag-seguridad","tag-seguros","tag-seguros-baratos","tag-seguros-economicos","post_format-post-format-image"],"yoast_head":"<!-- This site is optimized with the Yoast SEO plugin v28.3 - https:\/\/yoast.com\/product\/yoast-seo-wordpress\/ -->\n<title>La perspectiva de los seguros a ra\u00edz de la pandemia por la Covid-19?<\/title>\n<meta name=\"description\" content=\"La entrevista con Vicente Garc\u00eda Saro, asesor de seguros con m\u00e1s de 40 a\u00f1os en la industria de los seguros,\" \/>\n<meta name=\"robots\" content=\"index, follow, max-snippet:-1, max-image-preview:large, max-video-preview:-1\" \/>\n<link rel=\"canonical\" href=\"https:\/\/miautoseguro.mx\/web\/como-ha-cambiado-la-perspectiva-de-los-seguros-a-raiz-de-la-pandemia-ocasionada-por-la-covid-19\/\" \/>\n<meta property=\"og:locale\" content=\"es_MX\" \/>\n<meta property=\"og:type\" content=\"article\" \/>\n<meta property=\"og:title\" content=\"La perspectiva de los seguros a ra\u00edz de la pandemia por la Covid-19?\" \/>\n<meta property=\"og:description\" content=\"La entrevista con Vicente Garc\u00eda Saro, asesor de seguros con m\u00e1s de 40 a\u00f1os en la industria de los seguros,\" \/>\n<meta property=\"og:url\" content=\"https:\/\/miautoseguro.mx\/web\/como-ha-cambiado-la-perspectiva-de-los-seguros-a-raiz-de-la-pandemia-ocasionada-por-la-covid-19\/\" \/>\n<meta property=\"og:site_name\" content=\"Mi Auto Seguro\" \/>\n<meta property=\"article:publisher\" content=\"https:\/\/www.facebook.com\/miautoseguro.com.mx\" \/>\n<meta property=\"article:published_time\" content=\"2021-05-18T18:54:32+00:00\" \/>\n<meta property=\"article:modified_time\" content=\"2022-12-12T16:57:10+00:00\" \/>\n<meta property=\"og:image\" content=\"https:\/\/miautoseguro.mx\/web\/wp-content\/uploads\/2021\/05\/salud.001.jpeg\" \/>\n\t<meta property=\"og:image:width\" content=\"1365\" \/>\n\t<meta property=\"og:image:height\" content=\"768\" \/>\n\t<meta property=\"og:image:type\" content=\"image\/jpeg\" \/>\n<meta name=\"author\" content=\"miauto\" \/>\n<meta name=\"twitter:card\" content=\"summary_large_image\" \/>\n<meta name=\"twitter:label1\" content=\"Escrito por\" \/>\n\t<meta name=\"twitter:data1\" content=\"miauto\" \/>\n\t<meta name=\"twitter:label2\" content=\"Tiempo de lectura\" \/>\n\t<meta name=\"twitter:data2\" content=\"1 minuto\" \/>\n<script type=\"application\/ld+json\" class=\"yoast-schema-graph\">{\"@context\":\"https:\\\/\\\/schema.org\",\"@graph\":[{\"@type\":\"Article\",\"@id\":\"https:\\\/\\\/miautoseguro.mx\\\/web\\\/como-ha-cambiado-la-perspectiva-de-los-seguros-a-raiz-de-la-pandemia-ocasionada-por-la-covid-19\\\/#article\",\"isPartOf\":{\"@id\":\"https:\\\/\\\/miautoseguro.mx\\\/web\\\/como-ha-cambiado-la-perspectiva-de-los-seguros-a-raiz-de-la-pandemia-ocasionada-por-la-covid-19\\\/\"},\"author\":{\"name\":\"miauto\",\"@id\":\"https:\\\/\\\/miautoseguro.mx\\\/web\\\/#\\\/schema\\\/person\\\/d9708ba4f426dc61bf79d49e139f55d6\"},\"headline\":\"Video: \u00bfC\u00f3mo ha cambiado la perspectiva de los seguros a ra\u00edz de la pandemia ocasionada por la Covid-19?\",\"datePublished\":\"2021-05-18T18:54:32+00:00\",\"dateModified\":\"2022-12-12T16:57:10+00:00\",\"mainEntityOfPage\":{\"@id\":\"https:\\\/\\\/miautoseguro.mx\\\/web\\\/como-ha-cambiado-la-perspectiva-de-los-seguros-a-raiz-de-la-pandemia-ocasionada-por-la-covid-19\\\/\"},\"wordCount\":118,\"publisher\":{\"@id\":\"https:\\\/\\\/miautoseguro.mx\\\/web\\\/#organization\"},\"image\":{\"@id\":\"https:\\\/\\\/miautoseguro.mx\\\/web\\\/como-ha-cambiado-la-perspectiva-de-los-seguros-a-raiz-de-la-pandemia-ocasionada-por-la-covid-19\\\/#primaryimage\"},\"thumbnailUrl\":\"https:\\\/\\\/miautoseguro.mx\\\/web\\\/wp-content\\\/uploads\\\/2021\\\/05\\\/salud.001.jpeg\",\"keywords\":[\"el seguro a tu bolsillo\",\"enfermedad\",\"finanzas\",\"finanzas personales\",\"general de salud\",\"M\u00e9xico\",\"mi auto seguro\",\"podcast\",\"prevenci\u00f3n\",\"recupera 90\",\"salud\",\"salud p\u00fablica\",\"seguridad\",\"seguros\",\"seguros baratos\",\"seguros econ\u00f3micos\"],\"articleSection\":[\"Cultura seguros\"],\"inLanguage\":\"es\"},{\"@type\":\"WebPage\",\"@id\":\"https:\\\/\\\/miautoseguro.mx\\\/web\\\/como-ha-cambiado-la-perspectiva-de-los-seguros-a-raiz-de-la-pandemia-ocasionada-por-la-covid-19\\\/\",\"url\":\"https:\\\/\\\/miautoseguro.mx\\\/web\\\/como-ha-cambiado-la-perspectiva-de-los-seguros-a-raiz-de-la-pandemia-ocasionada-por-la-covid-19\\\/\",\"name\":\"La perspectiva de los seguros a ra\u00edz de la pandemia por la Covid-19?\",\"isPartOf\":{\"@id\":\"https:\\\/\\\/miautoseguro.mx\\\/web\\\/#website\"},\"primaryImageOfPage\":{\"@id\":\"https:\\\/\\\/miautoseguro.mx\\\/web\\\/como-ha-cambiado-la-perspectiva-de-los-seguros-a-raiz-de-la-pandemia-ocasionada-por-la-covid-19\\\/#primaryimage\"},\"image\":{\"@id\":\"https:\\\/\\\/miautoseguro.mx\\\/web\\\/como-ha-cambiado-la-perspectiva-de-los-seguros-a-raiz-de-la-pandemia-ocasionada-por-la-covid-19\\\/#primaryimage\"},\"thumbnailUrl\":\"https:\\\/\\\/miautoseguro.mx\\\/web\\\/wp-content\\\/uploads\\\/2021\\\/05\\\/salud.001.jpeg\",\"datePublished\":\"2021-05-18T18:54:32+00:00\",\"dateModified\":\"2022-12-12T16:57:10+00:00\",\"description\":\"La entrevista con Vicente Garc\u00eda Saro, asesor de seguros con m\u00e1s de 40 a\u00f1os en la industria de los seguros,\",\"breadcrumb\":{\"@id\":\"https:\\\/\\\/miautoseguro.mx\\\/web\\\/como-ha-cambiado-la-perspectiva-de-los-seguros-a-raiz-de-la-pandemia-ocasionada-por-la-covid-19\\\/#breadcrumb\"},\"inLanguage\":\"es\",\"potentialAction\":[{\"@type\":\"ReadAction\",\"target\":[\"https:\\\/\\\/miautoseguro.mx\\\/web\\\/como-ha-cambiado-la-perspectiva-de-los-seguros-a-raiz-de-la-pandemia-ocasionada-por-la-covid-19\\\/\"]}]},{\"@type\":\"ImageObject\",\"inLanguage\":\"es\",\"@id\":\"https:\\\/\\\/miautoseguro.mx\\\/web\\\/como-ha-cambiado-la-perspectiva-de-los-seguros-a-raiz-de-la-pandemia-ocasionada-por-la-covid-19\\\/#primaryimage\",\"url\":\"https:\\\/\\\/miautoseguro.mx\\\/web\\\/wp-content\\\/uploads\\\/2021\\\/05\\\/salud.001.jpeg\",\"contentUrl\":\"https:\\\/\\\/miautoseguro.mx\\\/web\\\/wp-content\\\/uploads\\\/2021\\\/05\\\/salud.001.jpeg\",\"width\":1365,\"height\":768,\"caption\":\"Seguro de salud Recupera 90 de General de Salud\"},{\"@type\":\"BreadcrumbList\",\"@id\":\"https:\\\/\\\/miautoseguro.mx\\\/web\\\/como-ha-cambiado-la-perspectiva-de-los-seguros-a-raiz-de-la-pandemia-ocasionada-por-la-covid-19\\\/#breadcrumb\",\"itemListElement\":[{\"@type\":\"ListItem\",\"position\":1,\"name\":\"Home\",\"item\":\"https:\\\/\\\/miautoseguro.mx\\\/web\\\/\"},{\"@type\":\"ListItem\",\"position\":2,\"name\":\"Video: \u00bfC\u00f3mo ha cambiado la perspectiva de los seguros a ra\u00edz de la pandemia ocasionada por la Covid-19?\"}]},{\"@type\":\"WebSite\",\"@id\":\"https:\\\/\\\/miautoseguro.mx\\\/web\\\/#website\",\"url\":\"https:\\\/\\\/miautoseguro.mx\\\/web\\\/\",\"name\":\"Mi Auto Seguro\",\"description\":\"Seguros para tu autom\u00f3vil.\",\"publisher\":{\"@id\":\"https:\\\/\\\/miautoseguro.mx\\\/web\\\/#organization\"},\"potentialAction\":[{\"@type\":\"SearchAction\",\"target\":{\"@type\":\"EntryPoint\",\"urlTemplate\":\"https:\\\/\\\/miautoseguro.mx\\\/web\\\/?s={search_term_string}\"},\"query-input\":{\"@type\":\"PropertyValueSpecification\",\"valueRequired\":true,\"valueName\":\"search_term_string\"}}],\"inLanguage\":\"es\"},{\"@type\":\"Organization\",\"@id\":\"https:\\\/\\\/miautoseguro.mx\\\/web\\\/#organization\",\"name\":\"Mi Auto Seguro\",\"url\":\"https:\\\/\\\/miautoseguro.mx\\\/web\\\/\",\"logo\":{\"@type\":\"ImageObject\",\"inLanguage\":\"es\",\"@id\":\"https:\\\/\\\/miautoseguro.mx\\\/web\\\/#\\\/schema\\\/logo\\\/image\\\/\",\"url\":\"https:\\\/\\\/miautoseguro.mx\\\/web\\\/wp-content\\\/uploads\\\/2021\\\/03\\\/Logo_MAS.png\",\"contentUrl\":\"https:\\\/\\\/miautoseguro.mx\\\/web\\\/wp-content\\\/uploads\\\/2021\\\/03\\\/Logo_MAS.png\",\"width\":380,\"height\":135,\"caption\":\"Mi Auto Seguro\"},\"image\":{\"@id\":\"https:\\\/\\\/miautoseguro.mx\\\/web\\\/#\\\/schema\\\/logo\\\/image\\\/\"},\"sameAs\":[\"https:\\\/\\\/www.facebook.com\\\/miautoseguro.com.mx\",\"https:\\\/\\\/www.instagram.com\\\/miautoseguromx\\\/\",\"https:\\\/\\\/www.linkedin.com\\\/company\\\/mi-auto-seguro\\\/\",\"https:\\\/\\\/www.youtube.com\\\/channel\\\/UCNYLRZmA1oW_pvJvpBACiow\"]},{\"@type\":\"Person\",\"@id\":\"https:\\\/\\\/miautoseguro.mx\\\/web\\\/#\\\/schema\\\/person\\\/d9708ba4f426dc61bf79d49e139f55d6\",\"name\":\"miauto\",\"image\":{\"@type\":\"ImageObject\",\"inLanguage\":\"es\",\"@id\":\"https:\\\/\\\/secure.gravatar.com\\\/avatar\\\/944584fe02e675fc653d71ea68f98d865788631ee68a0e1a0184ff895770780a?s=96&r=g\",\"url\":\"https:\\\/\\\/secure.gravatar.com\\\/avatar\\\/944584fe02e675fc653d71ea68f98d865788631ee68a0e1a0184ff895770780a?s=96&r=g\",\"contentUrl\":\"https:\\\/\\\/secure.gravatar.com\\\/avatar\\\/944584fe02e675fc653d71ea68f98d865788631ee68a0e1a0184ff895770780a?s=96&r=g\",\"caption\":\"miauto\"}}]}<\/script>\n<!-- \/ Yoast SEO plugin. -->","yoast_head_json":{"title":"La perspectiva de los seguros a ra\u00edz de la pandemia por la Covid-19?","description":"La entrevista con Vicente Garc\u00eda Saro, asesor de seguros con m\u00e1s de 40 a\u00f1os en la industria de los seguros,","robots":{"index":"index","follow":"follow","max-snippet":"max-snippet:-1","max-image-preview":"max-image-preview:large","max-video-preview":"max-video-preview:-1"},"canonical":"https:\/\/miautoseguro.mx\/web\/como-ha-cambiado-la-perspectiva-de-los-seguros-a-raiz-de-la-pandemia-ocasionada-por-la-covid-19\/","og_locale":"es_MX","og_type":"article","og_title":"La perspectiva de los seguros a ra\u00edz de la pandemia por la Covid-19?","og_description":"La entrevista con Vicente Garc\u00eda Saro, asesor de seguros con m\u00e1s de 40 a\u00f1os en la industria de los seguros,","og_url":"https:\/\/miautoseguro.mx\/web\/como-ha-cambiado-la-perspectiva-de-los-seguros-a-raiz-de-la-pandemia-ocasionada-por-la-covid-19\/","og_site_name":"Mi Auto Seguro","article_publisher":"https:\/\/www.facebook.com\/miautoseguro.com.mx","article_published_time":"2021-05-18T18:54:32+00:00","article_modified_time":"2022-12-12T16:57:10+00:00","og_image":[{"width":1365,"height":768,"url":"https:\/\/miautoseguro.mx\/web\/wp-content\/uploads\/2021\/05\/salud.001.jpeg","type":"image\/jpeg"}],"author":"miauto","twitter_card":"summary_large_image","twitter_misc":{"Escrito por":"miauto","Tiempo de lectura":"1 minuto"},"schema":{"@context":"https:\/\/schema.org","@graph":[{"@type":"Article","@id":"https:\/\/miautoseguro.mx\/web\/como-ha-cambiado-la-perspectiva-de-los-seguros-a-raiz-de-la-pandemia-ocasionada-por-la-covid-19\/#article","isPartOf":{"@id":"https:\/\/miautoseguro.mx\/web\/como-ha-cambiado-la-perspectiva-de-los-seguros-a-raiz-de-la-pandemia-ocasionada-por-la-covid-19\/"},"author":{"name":"miauto","@id":"https:\/\/miautoseguro.mx\/web\/#\/schema\/person\/d9708ba4f426dc61bf79d49e139f55d6"},"headline":"Video: \u00bfC\u00f3mo ha cambiado la perspectiva de los seguros a ra\u00edz de la pandemia ocasionada por la Covid-19?","datePublished":"2021-05-18T18:54:32+00:00","dateModified":"2022-12-12T16:57:10+00:00","mainEntityOfPage":{"@id":"https:\/\/miautoseguro.mx\/web\/como-ha-cambiado-la-perspectiva-de-los-seguros-a-raiz-de-la-pandemia-ocasionada-por-la-covid-19\/"},"wordCount":118,"publisher":{"@id":"https:\/\/miautoseguro.mx\/web\/#organization"},"image":{"@id":"https:\/\/miautoseguro.mx\/web\/como-ha-cambiado-la-perspectiva-de-los-seguros-a-raiz-de-la-pandemia-ocasionada-por-la-covid-19\/#primaryimage"},"thumbnailUrl":"https:\/\/miautoseguro.mx\/web\/wp-content\/uploads\/2021\/05\/salud.001.jpeg","keywords":["el seguro a tu bolsillo","enfermedad","finanzas","finanzas personales","general de salud","M\u00e9xico","mi auto seguro","podcast","prevenci\u00f3n","recupera 90","salud","salud p\u00fablica","seguridad","seguros","seguros baratos","seguros econ\u00f3micos"],"articleSection":["Cultura seguros"],"inLanguage":"es"},{"@type":"WebPage","@id":"https:\/\/miautoseguro.mx\/web\/como-ha-cambiado-la-perspectiva-de-los-seguros-a-raiz-de-la-pandemia-ocasionada-por-la-covid-19\/","url":"https:\/\/miautoseguro.mx\/web\/como-ha-cambiado-la-perspectiva-de-los-seguros-a-raiz-de-la-pandemia-ocasionada-por-la-covid-19\/","name":"La perspectiva de los seguros a ra\u00edz de la pandemia por la Covid-19?","isPartOf":{"@id":"https:\/\/miautoseguro.mx\/web\/#website"},"primaryImageOfPage":{"@id":"https:\/\/miautoseguro.mx\/web\/como-ha-cambiado-la-perspectiva-de-los-seguros-a-raiz-de-la-pandemia-ocasionada-por-la-covid-19\/#primaryimage"},"image":{"@id":"https:\/\/miautoseguro.mx\/web\/como-ha-cambiado-la-perspectiva-de-los-seguros-a-raiz-de-la-pandemia-ocasionada-por-la-covid-19\/#primaryimage"},"thumbnailUrl":"https:\/\/miautoseguro.mx\/web\/wp-content\/uploads\/2021\/05\/salud.001.jpeg","datePublished":"2021-05-18T18:54:32+00:00","dateModified":"2022-12-12T16:57:10+00:00","description":"La entrevista con Vicente Garc\u00eda Saro, asesor de seguros con m\u00e1s de 40 a\u00f1os en la industria de los seguros,","breadcrumb":{"@id":"https:\/\/miautoseguro.mx\/web\/como-ha-cambiado-la-perspectiva-de-los-seguros-a-raiz-de-la-pandemia-ocasionada-por-la-covid-19\/#breadcrumb"},"inLanguage":"es","potentialAction":[{"@type":"ReadAction","target":["https:\/\/miautoseguro.mx\/web\/como-ha-cambiado-la-perspectiva-de-los-seguros-a-raiz-de-la-pandemia-ocasionada-por-la-covid-19\/"]}]},{"@type":"ImageObject","inLanguage":"es","@id":"https:\/\/miautoseguro.mx\/web\/como-ha-cambiado-la-perspectiva-de-los-seguros-a-raiz-de-la-pandemia-ocasionada-por-la-covid-19\/#primaryimage","url":"https:\/\/miautoseguro.mx\/web\/wp-content\/uploads\/2021\/05\/salud.001.jpeg","contentUrl":"https:\/\/miautoseguro.mx\/web\/wp-content\/uploads\/2021\/05\/salud.001.jpeg","width":1365,"height":768,"caption":"Seguro de salud Recupera 90 de General de Salud"},{"@type":"BreadcrumbList","@id":"https:\/\/miautoseguro.mx\/web\/como-ha-cambiado-la-perspectiva-de-los-seguros-a-raiz-de-la-pandemia-ocasionada-por-la-covid-19\/#breadcrumb","itemListElement":[{"@type":"ListItem","position":1,"name":"Home","item":"https:\/\/miautoseguro.mx\/web\/"},{"@type":"ListItem","position":2,"name":"Video: \u00bfC\u00f3mo ha cambiado la perspectiva de los seguros a ra\u00edz de la pandemia ocasionada por la Covid-19?"}]},{"@type":"WebSite","@id":"https:\/\/miautoseguro.mx\/web\/#website","url":"https:\/\/miautoseguro.mx\/web\/","name":"Mi Auto Seguro","description":"Seguros para tu autom\u00f3vil.","publisher":{"@id":"https:\/\/miautoseguro.mx\/web\/#organization"},"potentialAction":[{"@type":"SearchAction","target":{"@type":"EntryPoint","urlTemplate":"https:\/\/miautoseguro.mx\/web\/?s={search_term_string}"},"query-input":{"@type":"PropertyValueSpecification","valueRequired":true,"valueName":"search_term_string"}}],"inLanguage":"es"},{"@type":"Organization","@id":"https:\/\/miautoseguro.mx\/web\/#organization","name":"Mi Auto Seguro","url":"https:\/\/miautoseguro.mx\/web\/","logo":{"@type":"ImageObject","inLanguage":"es","@id":"https:\/\/miautoseguro.mx\/web\/#\/schema\/logo\/image\/","url":"https:\/\/miautoseguro.mx\/web\/wp-content\/uploads\/2021\/03\/Logo_MAS.png","contentUrl":"https:\/\/miautoseguro.mx\/web\/wp-content\/uploads\/2021\/03\/Logo_MAS.png","width":380,"height":135,"caption":"Mi Auto Seguro"},"image":{"@id":"https:\/\/miautoseguro.mx\/web\/#\/schema\/logo\/image\/"},"sameAs":["https:\/\/www.facebook.com\/miautoseguro.com.mx","https:\/\/www.instagram.com\/miautoseguromx\/","https:\/\/www.linkedin.com\/company\/mi-auto-seguro\/","https:\/\/www.youtube.com\/channel\/UCNYLRZmA1oW_pvJvpBACiow"]},{"@type":"Person","@id":"https:\/\/miautoseguro.mx\/web\/#\/schema\/person\/d9708ba4f426dc61bf79d49e139f55d6","name":"miauto","image":{"@type":"ImageObject","inLanguage":"es","@id":"https:\/\/secure.gravatar.com\/avatar\/944584fe02e675fc653d71ea68f98d865788631ee68a0e1a0184ff895770780a?s=96&r=g","url":"https:\/\/secure.gravatar.com\/avatar\/944584fe02e675fc653d71ea68f98d865788631ee68a0e1a0184ff895770780a?s=96&r=g","contentUrl":"https:\/\/secure.gravatar.com\/avatar\/944584fe02e675fc653d71ea68f98d865788631ee68a0e1a0184ff895770780a?s=96&r=g","caption":"miauto"}}]}},"_links":{"self":[{"href":"https:\/\/miautoseguro.mx\/web\/wp-json\/wp\/v2\/posts\/7333","targetHints":{"allow":["GET"]}}],"collection":[{"href":"https:\/\/miautoseguro.mx\/web\/wp-json\/wp\/v2\/posts"}],"about":[{"href":"https:\/\/miautoseguro.mx\/web\/wp-json\/wp\/v2\/types\/post"}],"author":[{"embeddable":true,"href":"https:\/\/miautoseguro.mx\/web\/wp-json\/wp\/v2\/users\/1"}],"replies":[{"embeddable":true,"href":"https:\/\/miautoseguro.mx\/web\/wp-json\/wp\/v2\/comments?post=7333"}],"version-history":[{"count":4,"href":"https:\/\/miautoseguro.mx\/web\/wp-json\/wp\/v2\/posts\/7333\/revisions"}],"predecessor-version":[{"id":7685,"href":"https:\/\/miautoseguro.mx\/web\/wp-json\/wp\/v2\/posts\/7333\/revisions\/7685"}],"wp:featuredmedia":[{"embeddable":true,"href":"https:\/\/miautoseguro.mx\/web\/wp-json\/wp\/v2\/media\/7335"}],"wp:attachment":[{"href":"https:\/\/miautoseguro.mx\/web\/wp-json\/wp\/v2\/media?parent=7333"}],"wp:term":[{"taxonomy":"category","embeddable":true,"href":"https:\/\/miautoseguro.mx\/web\/wp-json\/wp\/v2\/categories?post=7333"},{"taxonomy":"post_tag","embeddable":true,"href":"https:\/\/miautoseguro.mx\/web\/wp-json\/wp\/v2\/tags?post=7333"}],"curies":[{"name":"wp","href":"https:\/\/api.w.org\/{rel}","templated":true}]}}